{"id":394,"date":"2019-06-28T14:15:39","date_gmt":"2019-06-28T12:15:39","guid":{"rendered":"http:\/\/www.bloggedy.de\/?p=394"},"modified":"2019-06-28T14:15:39","modified_gmt":"2019-06-28T12:15:39","slug":"intro-der-woche-game-of-thrones-2011","status":"publish","type":"post","link":"https:\/\/www.bloggedy.de\/?p=394","title":{"rendered":"Intro der Woche: &#8222;Game of Thrones&#8220; (2011)"},"content":{"rendered":"\n<p>Am vergangenen Wochenende war ich zu Gast beim Sommerkonzert der NRW-Landesregierung im Garten der Villa Hammerschmidt, dem vielleicht sch\u00f6nsten Park in Bonn. Gespielt hat das Orchester der Neuen Philharmonie Westfalen, und es wurde ein magischer Abend!<\/p>\n\n\n\n<ul class=\"wp-block-gallery columns-3 is-cropped wp-block-gallery-1 is-layout-flex wp-block-gallery-is-layout-flex\"><li class=\"blocks-gallery-item\"><figure><img loading=\"lazy\" decoding=\"async\" width=\"1024\" height=\"768\" src=\"https:\/\/www.bloggedy.de\/wp-content\/uploads\/2019\/06\/Sommerkonzert-1-1024x768.jpg\" alt=\"\" data-id=\"395\" class=\"wp-image-395\" srcset=\"https:\/\/www.bloggedy.de\/wp-content\/uploads\/2019\/06\/Sommerkonzert-1-1024x768.jpg 1024w, https:\/\/www.bloggedy.de\/wp-content\/uploads\/2019\/06\/Sommerkonzert-1-300x225.jpg 300w, https:\/\/www.bloggedy.de\/wp-content\/uploads\/2019\/06\/Sommerkonzert-1-768x576.jpg 768w\" sizes=\"auto, (max-width: 1024px) 100vw, 1024px\" \/><\/figure><\/li><li class=\"blocks-gallery-item\"><figure><img loading=\"lazy\" decoding=\"async\" width=\"1024\" height=\"768\" src=\"https:\/\/www.bloggedy.de\/wp-content\/uploads\/2019\/06\/Sommerkonzert-3-1024x768.jpg\" alt=\"\" data-id=\"398\" data-link=\"https:\/\/www.bloggedy.de\/?attachment_id=398\" class=\"wp-image-398\" srcset=\"https:\/\/www.bloggedy.de\/wp-content\/uploads\/2019\/06\/Sommerkonzert-3-1024x768.jpg 1024w, https:\/\/www.bloggedy.de\/wp-content\/uploads\/2019\/06\/Sommerkonzert-3-300x225.jpg 300w, https:\/\/www.bloggedy.de\/wp-content\/uploads\/2019\/06\/Sommerkonzert-3-768x576.jpg 768w\" sizes=\"auto, (max-width: 1024px) 100vw, 1024px\" \/><\/figure><\/li><li class=\"blocks-gallery-item\"><figure><img loading=\"lazy\" decoding=\"async\" width=\"1024\" height=\"768\" src=\"https:\/\/www.bloggedy.de\/wp-content\/uploads\/2019\/06\/Sommerkonzert-2-1-1024x768.jpg\" alt=\"\" data-id=\"399\" data-link=\"https:\/\/www.bloggedy.de\/?attachment_id=399\" class=\"wp-image-399\" srcset=\"https:\/\/www.bloggedy.de\/wp-content\/uploads\/2019\/06\/Sommerkonzert-2-1-1024x768.jpg 1024w, https:\/\/www.bloggedy.de\/wp-content\/uploads\/2019\/06\/Sommerkonzert-2-1-300x225.jpg 300w, https:\/\/www.bloggedy.de\/wp-content\/uploads\/2019\/06\/Sommerkonzert-2-1-768x576.jpg 768w\" sizes=\"auto, (max-width: 1024px) 100vw, 1024px\" \/><\/figure><\/li><\/ul>\n\n\n\n<p>Mein pers\u00f6nliches Highlight war die Suite zu &#8222;Game of Thrones&#8220;. Ich bekenne, zu den drei Menschen auf diesem Planeten zu geh\u00f6ren, die bisher keine einzige Episode der Serie gesehen haben, Fantasy ist nicht so meins. Aber die Titelmelodie ist hinrei\u00dfend. Und was nat\u00fcrlich super zu diesem Abend passte: Wusstet Ihr, dass ein Nordrhein-Westfale sie komponiert hat? Ramin Djawadi wurde 1971 in Duisburg geboren, stie\u00df nach dem Studium zum Team von Hans Zimmer, seine Musik zu &#8222;Prison Break&#8220; wurde 2006 f\u00fcr den &#8222;Emmy&#8220; nominiert. Nicht schlecht f\u00fcr einen Jungen aus dem Pott.<\/p>\n\n\n\n<figure class=\"wp-block-embed-youtube wp-block-embed is-type-video is-provider-youtube wp-embed-aspect-16-9 wp-has-aspect-ratio\"><div class=\"wp-block-embed__wrapper\">\n<iframe loading=\"lazy\" title=\"Game of Thrones Title Theme - Ramin Djawadi on Composition (Berklee Intervals)\" width=\"640\" height=\"360\" src=\"https:\/\/www.youtube.com\/embed\/f8WCn_Wj6QA?feature=oembed\" frameborder=\"0\" allow=\"accelerometer; autoplay; clipboard-write; encrypted-media; gyroscope; picture-in-picture; web-share\" referrerpolicy=\"strict-origin-when-cross-origin\" allowfullscreen><\/iframe>\n<\/div><figcaption>Portrait von Ramin Djawadi<\/figcaption><\/figure>\n\n\n\n<p>Drama, Baby! Die Westf\u00e4lischen Philharmoniker haben Djawadis Suite mit Vollgas gespielt, weniger differenziert als im Serienintro. Da flog manchem Besucher echt das Toupet weg. Und nachdem die Philharmoniker fertig waren, h\u00f6rte ich, wie viele um mich herum erst mal Atem sch\u00f6pfen mussten. Was f\u00fcr ein Brett. Djawadi ist ein Meisterwerk gelungen.<\/p>\n\n\n\n<figure class=\"wp-block-embed-youtube wp-block-embed is-type-video is-provider-youtube wp-embed-aspect-16-9 wp-has-aspect-ratio\"><div class=\"wp-block-embed__wrapper\">\n<iframe loading=\"lazy\" title=\"Game of Thrones Main Theme Music -  L&#039;Orchestra Cin\u00e9matique\" width=\"640\" height=\"360\" src=\"https:\/\/www.youtube.com\/embed\/UmrUhsZyvUE?feature=oembed\" frameborder=\"0\" allow=\"accelerometer; autoplay; clipboard-write; encrypted-media; gyroscope; picture-in-picture; web-share\" referrerpolicy=\"strict-origin-when-cross-origin\" allowfullscreen><\/iframe>\n<\/div><figcaption>Game of Thrones \u2013 Main Theme<\/figcaption><\/figure>\n\n\n\n<p>Aufdrehen, anklicken, hinh\u00f6ren! Hier ist die Suite &#8222;Game of Thrones&#8220; von Ramin Djawadi in voller L\u00e4nge. Das Sommerkonzert der NRW-Landesregierung wird sonntagmorgens am 30. Juni ab neun Uhr in voller L\u00e4nge auf WDR 3 gezeigt. <\/p>\n","protected":false},"excerpt":{"rendered":"<p>Samstag war ich zu Gast beim Sommerkonzert der NRW-Landesregierung im Garten der Villa Hammerschmidt, dem vielleicht sch\u00f6nsten Park in Bonn. Es wurde ein magischer Abend \u2013 auch dank eines Deutschiraners aus Duisburg.<\/p>\n","protected":false},"author":1,"featured_media":400,"comment_status":"open","ping_status":"open","sticky":false,"template":"","format":"standard","meta":{"footnotes":""},"categories":[90],"tags":[187,190,79,192,195,191,35,194,104,64,142,193],"class_list":["post-394","post","type-post","status-publish","format-standard","has-post-thumbnail","hentry","category-intro-der-woche","tag-bonn","tag-game-of-thrones","tag-intro-der-woche","tag-neue-philharmonie-westfalen","tag-nordrhein-westfalen","tag-ramin-djawadi","tag-serie","tag-sommerkonzert","tag-soundtrack","tag-tv-serien","tag-tv-theme","tag-villa-hammerschmidt"],"_links":{"self":[{"href":"https:\/\/www.bloggedy.de\/index.php?rest_route=\/wp\/v2\/posts\/394","targetHints":{"allow":["GET"]}}],"collection":[{"href":"https:\/\/www.bloggedy.de\/index.php?rest_route=\/wp\/v2\/posts"}],"about":[{"href":"https:\/\/www.bloggedy.de\/index.php?rest_route=\/wp\/v2\/types\/post"}],"author":[{"embeddable":true,"href":"https:\/\/www.bloggedy.de\/index.php?rest_route=\/wp\/v2\/users\/1"}],"replies":[{"embeddable":true,"href":"https:\/\/www.bloggedy.de\/index.php?rest_route=%2Fwp%2Fv2%2Fcomments&post=394"}],"version-history":[{"count":2,"href":"https:\/\/www.bloggedy.de\/index.php?rest_route=\/wp\/v2\/posts\/394\/revisions"}],"predecessor-version":[{"id":402,"href":"https:\/\/www.bloggedy.de\/index.php?rest_route=\/wp\/v2\/posts\/394\/revisions\/402"}],"wp:featuredmedia":[{"embeddable":true,"href":"https:\/\/www.bloggedy.de\/index.php?rest_route=\/wp\/v2\/media\/400"}],"wp:attachment":[{"href":"https:\/\/www.bloggedy.de\/index.php?rest_route=%2Fwp%2Fv2%2Fmedia&parent=394"}],"wp:term":[{"taxonomy":"category","embeddable":true,"href":"https:\/\/www.bloggedy.de\/index.php?rest_route=%2Fwp%2Fv2%2Fcategories&post=394"},{"taxonomy":"post_tag","embeddable":true,"href":"https:\/\/www.bloggedy.de\/index.php?rest_route=%2Fwp%2Fv2%2Ftags&post=394"}],"curies":[{"name":"wp","href":"https:\/\/api.w.org\/{rel}","templated":true}]}}